{"id":32412,"date":"2015-05-19T08:07:42","date_gmt":"2015-05-19T11:07:42","guid":{"rendered":"http:\/\/www.radiopajeu.com.br\/portal\/?p=32412"},"modified":"2015-05-19T08:07:42","modified_gmt":"2015-05-19T11:07:42","slug":"embriagados-moradores-de-rua-perturbam-o-sossego-no-mercado-publico-de-afogados","status":"publish","type":"post","link":"http:\/\/www.radiopajeu.com.br\/portal\/embriagados-moradores-de-rua-perturbam-o-sossego-no-mercado-publico-de-afogados\/","title":{"rendered":"Embriagados, moradores de rua perturbam o sossego no Mercado P\u00fablico de Afogados"},"content":{"rendered":"<p>Durante Opera\u00e7\u00e3o Sossego a\u00a0GT foi acionada para se deslocar at\u00e9 o Mercado P\u00fablico, onde a acusada Vanuza Ferreira da Silva, 43 anos, solteira e o menor infrator J. R. da S. V., 17 anos, solteiro se encontravam perturbando o sossego dos populares presentes no local.<\/p>\n<p>O policiamento fez deslocamento at\u00e9 o endere\u00e7o e localizou os envolvidos, os quais estavam visivelmente embriagados. Diante dos fatos os mesmos foram detidos e encaminhados \u00e0 Delegacia para as provid\u00eancias cab\u00edveis.<em>\u00a0<\/em><\/p>\n","protected":false},"excerpt":{"rendered":"<p>Durante Opera\u00e7\u00e3o Sossego a\u00a0GT foi acionada para se deslocar at\u00e9 o Mercado P\u00fablico, onde a acusada Vanuza Ferreira da Silva,<\/p>\n","protected":false},"author":4,"featured_media":32413,"comment_status":"open","ping_status":"open","sticky":false,"template":"","format":"standard","meta":{"colormag_page_container_layout":"default_layout","colormag_page_sidebar_layout":"default_layout","footnotes":""},"categories":[1],"tags":[15,47],"class_list":["post-32412","post","type-post","status-publish","format-standard","has-post-thumbnail","hentry","category-noticias","tag-afogados-da-ingazeira","tag-destaques"],"_links":{"self":[{"href":"http:\/\/www.radiopajeu.com.br\/portal\/wp-json\/wp\/v2\/posts\/32412","targetHints":{"allow":["GET"]}}],"collection":[{"href":"http:\/\/www.radiopajeu.com.br\/portal\/wp-json\/wp\/v2\/posts"}],"about":[{"href":"http:\/\/www.radiopajeu.com.br\/portal\/wp-json\/wp\/v2\/types\/post"}],"author":[{"embeddable":true,"href":"http:\/\/www.radiopajeu.com.br\/portal\/wp-json\/wp\/v2\/users\/4"}],"replies":[{"embeddable":true,"href":"http:\/\/www.radiopajeu.com.br\/portal\/wp-json\/wp\/v2\/comments?post=32412"}],"version-history":[{"count":0,"href":"http:\/\/www.radiopajeu.com.br\/portal\/wp-json\/wp\/v2\/posts\/32412\/revisions"}],"wp:featuredmedia":[{"embeddable":true,"href":"http:\/\/www.radiopajeu.com.br\/portal\/wp-json\/wp\/v2\/media\/32413"}],"wp:attachment":[{"href":"http:\/\/www.radiopajeu.com.br\/portal\/wp-json\/wp\/v2\/media?parent=32412"}],"wp:term":[{"taxonomy":"category","embeddable":true,"href":"http:\/\/www.radiopajeu.com.br\/portal\/wp-json\/wp\/v2\/categories?post=32412"},{"taxonomy":"post_tag","embeddable":true,"href":"http:\/\/www.radiopajeu.com.br\/portal\/wp-json\/wp\/v2\/tags?post=32412"}],"curies":[{"name":"wp","href":"https:\/\/api.w.org\/{rel}","templated":true}]}}