{"id":42248,"date":"2016-01-11T08:04:58","date_gmt":"2016-01-11T11:04:58","guid":{"rendered":"http:\/\/www.radiopajeu.com.br\/portal\/?p=42248"},"modified":"2016-01-11T08:04:58","modified_gmt":"2016-01-11T11:04:58","slug":"dom-egidio-completa-6-anos-de-ordenacao-episcopal","status":"publish","type":"post","link":"http:\/\/www.radiopajeu.com.br\/portal\/dom-egidio-completa-6-anos-de-ordenacao-episcopal\/","title":{"rendered":"Dom Eg\u00eddio completa 6 anos de ordena\u00e7\u00e3o episcopal"},"content":{"rendered":"<p><strong><em>Do Afogados Online<\/em><\/strong><\/p>\n<p>H\u00e1 exatos 6 anos era ordenado bispo da diocese de Afogados da Ingazeira, dom Eg\u00eddio Bisol. A solenidade de ordena\u00e7\u00e3o e posse aconteceu na quadra coberta do Centro Desportivo Municipal e contou com a participa\u00e7\u00e3o de caravanas de todas as par\u00f3quias da diocese, bem como de outras dioceses que foram representadas por v\u00e1rios bispos. Dom Egidio foi nomeado bispo no dia 07 de outubro de 2009 e sua ordena\u00e7\u00e3o e posse aconteceram no dia 09 de janeiro de 2010.<\/p>\n<p><strong>Momento hist\u00f3rico<\/strong><\/p>\n<p>Outro momento marcante para a diocese de Afogados da Ingazeira, tamb\u00e9m aconteceu num dia 09 de janeiro, mas do ano passado, quando a diocese ordenou cinco padres: Juacir Delmiro, Wellington Jacinto, Wanderson Eduardo, Clodoaldo Fernando e Daniel Gomes.<\/p>\n","protected":false},"excerpt":{"rendered":"<p>Do Afogados Online H\u00e1 exatos 6 anos era ordenado bispo da diocese de Afogados da Ingazeira, dom Eg\u00eddio Bisol. A<\/p>\n","protected":false},"author":4,"featured_media":11755,"comment_status":"open","ping_status":"open","sticky":false,"template":"","format":"standard","meta":{"colormag_page_container_layout":"default_layout","colormag_page_sidebar_layout":"default_layout","footnotes":""},"categories":[1],"tags":[15,47,229],"class_list":["post-42248","post","type-post","status-publish","format-standard","has-post-thumbnail","hentry","category-noticias","tag-afogados-da-ingazeira","tag-destaques","tag-diocese"],"_links":{"self":[{"href":"http:\/\/www.radiopajeu.com.br\/portal\/wp-json\/wp\/v2\/posts\/42248","targetHints":{"allow":["GET"]}}],"collection":[{"href":"http:\/\/www.radiopajeu.com.br\/portal\/wp-json\/wp\/v2\/posts"}],"about":[{"href":"http:\/\/www.radiopajeu.com.br\/portal\/wp-json\/wp\/v2\/types\/post"}],"author":[{"embeddable":true,"href":"http:\/\/www.radiopajeu.com.br\/portal\/wp-json\/wp\/v2\/users\/4"}],"replies":[{"embeddable":true,"href":"http:\/\/www.radiopajeu.com.br\/portal\/wp-json\/wp\/v2\/comments?post=42248"}],"version-history":[{"count":0,"href":"http:\/\/www.radiopajeu.com.br\/portal\/wp-json\/wp\/v2\/posts\/42248\/revisions"}],"wp:featuredmedia":[{"embeddable":true,"href":"http:\/\/www.radiopajeu.com.br\/portal\/wp-json\/wp\/v2\/media\/11755"}],"wp:attachment":[{"href":"http:\/\/www.radiopajeu.com.br\/portal\/wp-json\/wp\/v2\/media?parent=42248"}],"wp:term":[{"taxonomy":"category","embeddable":true,"href":"http:\/\/www.radiopajeu.com.br\/portal\/wp-json\/wp\/v2\/categories?post=42248"},{"taxonomy":"post_tag","embeddable":true,"href":"http:\/\/www.radiopajeu.com.br\/portal\/wp-json\/wp\/v2\/tags?post=42248"}],"curies":[{"name":"wp","href":"https:\/\/api.w.org\/{rel}","templated":true}]}}