{"id":51129,"date":"2016-09-17T07:11:53","date_gmt":"2016-09-17T10:11:53","guid":{"rendered":"http:\/\/www.radiopajeu.com.br\/portal\/?p=51129"},"modified":"2016-09-17T07:11:53","modified_gmt":"2016-09-17T10:11:53","slug":"definidas-datas-e-locais-de-encontros-com-candidatos-promovidos-pelo-mp-regional","status":"publish","type":"post","link":"http:\/\/www.radiopajeu.com.br\/portal\/definidas-datas-e-locais-de-encontros-com-candidatos-promovidos-pelo-mp-regional\/","title":{"rendered":"Definidas datas e locais de encontros com candidatos promovidos pelo MP regional"},"content":{"rendered":"<p>O Minist\u00e9rio P\u00fablico confirmou as datas de\u00a0realiza\u00e7\u00e3o de encontros com candidatos a prefeito da \u00e1rea da 3\u00aa Circunscri\u00e7\u00e3o, dias entre 20 e 23 de setembro, para entrega de documentos com propostas tem\u00e1ticas em \u00e1reas como Sa\u00fade, Educa\u00e7\u00e3o, Assist\u00eancia Social, Res\u00edduos S\u00f3lidos e Meio Ambiente. O documento \u00e9 fruto de intenso debate com v\u00e1rios segmentos organizados da sociedade do Paje\u00fa.<\/p>\n<p>\u201cVamos colocar estas propostas fruto de ampla discuss\u00e3o no debate eleitoral. entregando um conjunto de propostas debatidas de forma ampla e intensa. Nada absurdo, n\u00e3o fact\u00edvel. N\u00e3o se pode exigir o que algu\u00e9m n\u00e3o pode dar\u201d, disse o coordenador L\u00facio Luiz de Almeida Neto.<\/p>\n<p class=\"x_MsoNormal\">Ter\u00e7a-feira, dia 20, o encontro re\u00fane candidatos \u00e0 Prefeitura de Tabira, Solid\u00e3o e Ingazeira. Ser\u00e1 \u00e0s 8h da manh\u00e3 no Audit\u00f3rio da Secretaria de Educa\u00e7\u00e3o. Na quarta, dia 21, os candidatos \u00e0 Prefeitura de Sert\u00e2nia recebem o documento.<\/p>\n<p class=\"x_MsoNormal\">Quinta, dia 22, candidatos a prefeituras do Alto Paje\u00fa se re\u00fane no Centro de Inclus\u00e3o Digital \u00e0s 8h. Estar\u00e3o reunidos, al\u00e9m de candidatos de S\u00e3o Jos\u00e9 do Egito, prefeitur\u00e1veis de Brejinho, Itapetim, Santa Terezinha e Tuparetama.<\/p>\n<p class=\"x_MsoNormal\">A s\u00e9rie de encontros termina sexta, dia 23, \u00e0s 14h, no Cine S\u00e3o Jos\u00e9, para candidatos de Afogados, Iguaracy, Carna\u00edba e Quixaba.<\/p>\n<p class=\"x_MsoNormal\">De acordo com os convites, os candidatos ter\u00e3o direito a um n\u00famero imitado de assessores e n\u00e3o ser\u00e1 permitida milit\u00e2ncia. Emissoras de r\u00e1dio nas cidades da regi\u00e3o est\u00e3o sendo convocadas para transmitir os encontros. \u00a0\u201cOs cidad\u00e3os poder\u00e3o acompanhar pelas emissoras, sem necessidade de comparecerem, j\u00e1 que \u00e9 um ato sem conota\u00e7\u00e3o pol\u00edtico-partid\u00e1rio e sim de compromissos com pol\u00edticas p\u00fablicas para a regi\u00e3o\u201d, disse o Dr L\u00facio Luiz de Almeida Neto.<\/p>\n<p>\u201cSer\u00e1 um momento simb\u00f3lico de entrega. Que os candidatos \u00a0tirem um pedacinho da agenda para receber esse documento\u201d, disse. \u00a0Haver\u00e1 uma apresenta\u00e7\u00e3o do documento por representantes do MP e sociedade organizada e, em seguida, cada candidato ter\u00e1 tempo para firmar compromissos com as propostas apresentadas no documento.<\/p>\n","protected":false},"excerpt":{"rendered":"<p>O Minist\u00e9rio P\u00fablico confirmou as datas de\u00a0realiza\u00e7\u00e3o de encontros com candidatos a prefeito da \u00e1rea da 3\u00aa Circunscri\u00e7\u00e3o, dias entre<\/p>\n","protected":false},"author":4,"featured_media":51130,"comment_status":"open","ping_status":"open","sticky":false,"template":"","format":"standard","meta":{"colormag_page_container_layout":"default_layout","colormag_page_sidebar_layout":"default_layout","footnotes":""},"categories":[1],"tags":[47,5098,3092],"class_list":["post-51129","post","type-post","status-publish","format-standard","has-post-thumbnail","hentry","category-noticias","tag-destaques","tag-eleicoes-2016","tag-ministerio-publico"],"_links":{"self":[{"href":"http:\/\/www.radiopajeu.com.br\/portal\/wp-json\/wp\/v2\/posts\/51129","targetHints":{"allow":["GET"]}}],"collection":[{"href":"http:\/\/www.radiopajeu.com.br\/portal\/wp-json\/wp\/v2\/posts"}],"about":[{"href":"http:\/\/www.radiopajeu.com.br\/portal\/wp-json\/wp\/v2\/types\/post"}],"author":[{"embeddable":true,"href":"http:\/\/www.radiopajeu.com.br\/portal\/wp-json\/wp\/v2\/users\/4"}],"replies":[{"embeddable":true,"href":"http:\/\/www.radiopajeu.com.br\/portal\/wp-json\/wp\/v2\/comments?post=51129"}],"version-history":[{"count":0,"href":"http:\/\/www.radiopajeu.com.br\/portal\/wp-json\/wp\/v2\/posts\/51129\/revisions"}],"wp:featuredmedia":[{"embeddable":true,"href":"http:\/\/www.radiopajeu.com.br\/portal\/wp-json\/wp\/v2\/media\/51130"}],"wp:attachment":[{"href":"http:\/\/www.radiopajeu.com.br\/portal\/wp-json\/wp\/v2\/media?parent=51129"}],"wp:term":[{"taxonomy":"category","embeddable":true,"href":"http:\/\/www.radiopajeu.com.br\/portal\/wp-json\/wp\/v2\/categories?post=51129"},{"taxonomy":"post_tag","embeddable":true,"href":"http:\/\/www.radiopajeu.com.br\/portal\/wp-json\/wp\/v2\/tags?post=51129"}],"curies":[{"name":"wp","href":"https:\/\/api.w.org\/{rel}","templated":true}]}}