{"id":707,"date":"2013-10-05T09:09:59","date_gmt":"2013-10-05T12:09:59","guid":{"rendered":"http:\/\/www.radiopajeu.com.br\/portal\/?p=707"},"modified":"2013-10-05T09:09:59","modified_gmt":"2013-10-05T12:09:59","slug":"agreste-acidente-no-municipio-de-pedra-deixa-tres-mortos-e-cinco-feridos","status":"publish","type":"post","link":"http:\/\/www.radiopajeu.com.br\/portal\/agreste-acidente-no-municipio-de-pedra-deixa-tres-mortos-e-cinco-feridos\/","title":{"rendered":"Agreste: Acidente no munic\u00edpio de Pedra deixa tr\u00eas mortos e cinco feridos"},"content":{"rendered":"<p style=\"text-align: justify;\">Acidente na BR-424, no munic\u00edpio de Pedra, Agreste pernambucano, deixou tr\u00eas mortos e cinco feridos na manh\u00e3 desta sexta-feira. A Pol\u00edcia Rodovi\u00e1ria Federal (PRF) informou que dois ve\u00edculos, um Fiat Siena e um GM Astra, de placas n\u00e3o divulgadas, colidiram frontalmente, quando um deles tentava realizar uma ultrapassagem, nas proximidades do quil\u00f4metro 14, por volta das 7h.<\/p>\n<p style=\"text-align: justify;\">Os feridos foram levados para o Hospital Regional de Arcoverde. Dentre os mortos, est\u00e3o uma crian\u00e7as de dois meses, que estava no colo da m\u00e3e, no banco da frente do Astra, um homem de 25 anos e uma mulher de 45, ambos ocupantes do Siena. No primeiro ve\u00edculo, mais tr\u00eas pessoas ficaram feridas e no segundo, outras duas.<\/p>\n<p style=\"text-align: justify;\">Fonte: JC Online<\/p>\n","protected":false},"excerpt":{"rendered":"<p>Acidente na BR-424, no munic\u00edpio de Pedra, Agreste pernambucano, deixou tr\u00eas mortos e cinco feridos na manh\u00e3 desta sexta-feira. A<\/p>\n","protected":false},"author":4,"featured_media":151,"comment_status":"open","ping_status":"open","sticky":false,"template":"","format":"standard","meta":{"colormag_page_container_layout":"default_layout","colormag_page_sidebar_layout":"default_layout","footnotes":""},"categories":[1],"tags":[],"class_list":["post-707","post","type-post","status-publish","format-standard","has-post-thumbnail","hentry","category-noticias"],"_links":{"self":[{"href":"http:\/\/www.radiopajeu.com.br\/portal\/wp-json\/wp\/v2\/posts\/707","targetHints":{"allow":["GET"]}}],"collection":[{"href":"http:\/\/www.radiopajeu.com.br\/portal\/wp-json\/wp\/v2\/posts"}],"about":[{"href":"http:\/\/www.radiopajeu.com.br\/portal\/wp-json\/wp\/v2\/types\/post"}],"author":[{"embeddable":true,"href":"http:\/\/www.radiopajeu.com.br\/portal\/wp-json\/wp\/v2\/users\/4"}],"replies":[{"embeddable":true,"href":"http:\/\/www.radiopajeu.com.br\/portal\/wp-json\/wp\/v2\/comments?post=707"}],"version-history":[{"count":0,"href":"http:\/\/www.radiopajeu.com.br\/portal\/wp-json\/wp\/v2\/posts\/707\/revisions"}],"wp:featuredmedia":[{"embeddable":true,"href":"http:\/\/www.radiopajeu.com.br\/portal\/wp-json\/wp\/v2\/media\/151"}],"wp:attachment":[{"href":"http:\/\/www.radiopajeu.com.br\/portal\/wp-json\/wp\/v2\/media?parent=707"}],"wp:term":[{"taxonomy":"category","embeddable":true,"href":"http:\/\/www.radiopajeu.com.br\/portal\/wp-json\/wp\/v2\/categories?post=707"},{"taxonomy":"post_tag","embeddable":true,"href":"http:\/\/www.radiopajeu.com.br\/portal\/wp-json\/wp\/v2\/tags?post=707"}],"curies":[{"name":"wp","href":"https:\/\/api.w.org\/{rel}","templated":true}]}}