{"id":73776,"date":"2018-09-12T10:01:15","date_gmt":"2018-09-12T13:01:15","guid":{"rendered":"http:\/\/www.radiopajeu.com.br\/portal\/?p=73776"},"modified":"2018-09-12T10:01:15","modified_gmt":"2018-09-12T13:01:15","slug":"afogados-sedia-feira-de-artesanato-e-produtos-da-agricultura-familiar","status":"publish","type":"post","link":"http:\/\/www.radiopajeu.com.br\/portal\/afogados-sedia-feira-de-artesanato-e-produtos-da-agricultura-familiar\/","title":{"rendered":"Afogados sedia feira de artesanato e produtos da agricultura familiar"},"content":{"rendered":"<p>Acontece em Afogados da Ingazeira, nesta Quinta (13), a 4\u00aa edi\u00e7\u00e3o da Feira de Artesanato e Produtos de Agricultura Familiar do Sert\u00e3o do Paje\u00fa, coordenada pela Ger\u00eancia Regional do IPA, em parceria com a Prefeitura de Afogados.<\/p>\n<p>A feira ter\u00e1 in\u00edcio \u00e0s 16h,\u00a0 na Pra\u00e7a Monsenhor Alfredo de Arruda C\u00e2mara, com participa\u00e7\u00e3o de agricultores familiares de diversos munic\u00edpios atendidos pelo IPA. A feira ser\u00e1 uma excelente oportunidade de divulga\u00e7\u00e3o e comercializa\u00e7\u00e3o dos produtos oriundos da agricultura familiar.<\/p>\n<p>O gerente regional do IPA, Deva Pessoa, destacou a import\u00e2ncia da divulga\u00e7\u00e3o do trabalho dos agricultores, &#8220;essa \u00e9 uma oportunidade para os agricultores fazerem neg\u00f3cios, divulgando a produ\u00e7\u00e3o do seu artesanato, divulgando esses produtos e fechando novos neg\u00f3cios,&#8221; destacou Deva.<\/p>\n<p>Quem for \u00e0 pra\u00e7a, tamb\u00e9m vai poder conferir diversas apresenta\u00e7\u00f5es culturais, como trio de forr\u00f3 p\u00e9 de serra, reisado, xaxado e mamulengos. A abertura oficial acontece \u00e0s 19h, com a presen\u00e7a do Vice-Prefeito de Afogados, Alessandro Palmeira.<\/p>\n","protected":false},"excerpt":{"rendered":"<p>Acontece em Afogados da Ingazeira, nesta Quinta (13), a 4\u00aa edi\u00e7\u00e3o da Feira de Artesanato e Produtos de Agricultura Familiar<\/p>\n","protected":false},"author":4,"featured_media":43933,"comment_status":"open","ping_status":"open","sticky":false,"template":"","format":"standard","meta":{"colormag_page_container_layout":"default_layout","colormag_page_sidebar_layout":"default_layout","footnotes":""},"categories":[1],"tags":[15,8586],"class_list":["post-73776","post","type-post","status-publish","format-standard","has-post-thumbnail","hentry","category-noticias","tag-afogados-da-ingazeira","tag-feira-de-artesanato-e-agricultura-familiar"],"_links":{"self":[{"href":"http:\/\/www.radiopajeu.com.br\/portal\/wp-json\/wp\/v2\/posts\/73776","targetHints":{"allow":["GET"]}}],"collection":[{"href":"http:\/\/www.radiopajeu.com.br\/portal\/wp-json\/wp\/v2\/posts"}],"about":[{"href":"http:\/\/www.radiopajeu.com.br\/portal\/wp-json\/wp\/v2\/types\/post"}],"author":[{"embeddable":true,"href":"http:\/\/www.radiopajeu.com.br\/portal\/wp-json\/wp\/v2\/users\/4"}],"replies":[{"embeddable":true,"href":"http:\/\/www.radiopajeu.com.br\/portal\/wp-json\/wp\/v2\/comments?post=73776"}],"version-history":[{"count":1,"href":"http:\/\/www.radiopajeu.com.br\/portal\/wp-json\/wp\/v2\/posts\/73776\/revisions"}],"predecessor-version":[{"id":73777,"href":"http:\/\/www.radiopajeu.com.br\/portal\/wp-json\/wp\/v2\/posts\/73776\/revisions\/73777"}],"wp:featuredmedia":[{"embeddable":true,"href":"http:\/\/www.radiopajeu.com.br\/portal\/wp-json\/wp\/v2\/media\/43933"}],"wp:attachment":[{"href":"http:\/\/www.radiopajeu.com.br\/portal\/wp-json\/wp\/v2\/media?parent=73776"}],"wp:term":[{"taxonomy":"category","embeddable":true,"href":"http:\/\/www.radiopajeu.com.br\/portal\/wp-json\/wp\/v2\/categories?post=73776"},{"taxonomy":"post_tag","embeddable":true,"href":"http:\/\/www.radiopajeu.com.br\/portal\/wp-json\/wp\/v2\/tags?post=73776"}],"curies":[{"name":"wp","href":"https:\/\/api.w.org\/{rel}","templated":true}]}}