{"id":75174,"date":"2018-11-15T07:35:45","date_gmt":"2018-11-15T10:35:45","guid":{"rendered":"http:\/\/www.radiopajeu.com.br\/portal\/?p=75174"},"modified":"2018-11-15T07:35:45","modified_gmt":"2018-11-15T10:35:45","slug":"marca-da-gestao-e-atrasar-repasses-a-saude-acusa-deputado","status":"publish","type":"post","link":"http:\/\/www.radiopajeu.com.br\/portal\/marca-da-gestao-e-atrasar-repasses-a-saude-acusa-deputado\/","title":{"rendered":"Marca da gest\u00e3o \u00e9 atrasar repasses a sa\u00fade, acusa deputado"},"content":{"rendered":"<p><em>Do blog do Edmar Lyra<\/em><\/p>\n<p>\u00c1lvaro Porto (PTB) lembra que a falta de repasse de recursos \u00e0s Organiza\u00e7\u00f5es Sociais da Sa\u00fade, denunciada nesta semana pela deputada Socorro Pimentel (PTB) na Alepe, \u00e9 realidade que marcou o primeiro governo Paulo C\u00e2mara (PSB).<\/p>\n<p>Porto, que vem h\u00e1 anos fiscalizando os conv\u00eanios, salienta que os pedidos de informa\u00e7\u00e3o que encaminhou ao longo da gest\u00e3o ao Pal\u00e1cio das Princesas resultaram em respostas parciais que pouco esclarecem os gastos. \u201c\u00c9 uma caixa preta\u201d, diz.<\/p>\n<p>Nesta semana, a Funda\u00e7\u00e3o Altino Ventura anunciou que encerrou suas atividades em Arcoverde por conta do d\u00e9bito de R$ 18 milh\u00f5es decorrentes da falta de repasses de recursos da Secretaria de Sa\u00fade \u00e0 OS que gere a entidade.<\/p>\n","protected":false},"excerpt":{"rendered":"<p>Do blog do Edmar Lyra \u00c1lvaro Porto (PTB) lembra que a falta de repasse de recursos \u00e0s Organiza\u00e7\u00f5es Sociais da<\/p>\n","protected":false},"author":4,"featured_media":75175,"comment_status":"open","ping_status":"open","sticky":false,"template":"","format":"standard","meta":{"colormag_page_container_layout":"default_layout","colormag_page_sidebar_layout":"default_layout","footnotes":""},"categories":[1],"tags":[270,7297,1826,142],"class_list":["post-75174","post","type-post","status-publish","format-standard","has-post-thumbnail","hentry","category-noticias","tag-alepe","tag-alvaro-porto","tag-paulo-camara","tag-saude"],"_links":{"self":[{"href":"http:\/\/www.radiopajeu.com.br\/portal\/wp-json\/wp\/v2\/posts\/75174","targetHints":{"allow":["GET"]}}],"collection":[{"href":"http:\/\/www.radiopajeu.com.br\/portal\/wp-json\/wp\/v2\/posts"}],"about":[{"href":"http:\/\/www.radiopajeu.com.br\/portal\/wp-json\/wp\/v2\/types\/post"}],"author":[{"embeddable":true,"href":"http:\/\/www.radiopajeu.com.br\/portal\/wp-json\/wp\/v2\/users\/4"}],"replies":[{"embeddable":true,"href":"http:\/\/www.radiopajeu.com.br\/portal\/wp-json\/wp\/v2\/comments?post=75174"}],"version-history":[{"count":1,"href":"http:\/\/www.radiopajeu.com.br\/portal\/wp-json\/wp\/v2\/posts\/75174\/revisions"}],"predecessor-version":[{"id":75176,"href":"http:\/\/www.radiopajeu.com.br\/portal\/wp-json\/wp\/v2\/posts\/75174\/revisions\/75176"}],"wp:featuredmedia":[{"embeddable":true,"href":"http:\/\/www.radiopajeu.com.br\/portal\/wp-json\/wp\/v2\/media\/75175"}],"wp:attachment":[{"href":"http:\/\/www.radiopajeu.com.br\/portal\/wp-json\/wp\/v2\/media?parent=75174"}],"wp:term":[{"taxonomy":"category","embeddable":true,"href":"http:\/\/www.radiopajeu.com.br\/portal\/wp-json\/wp\/v2\/categories?post=75174"},{"taxonomy":"post_tag","embeddable":true,"href":"http:\/\/www.radiopajeu.com.br\/portal\/wp-json\/wp\/v2\/tags?post=75174"}],"curies":[{"name":"wp","href":"https:\/\/api.w.org\/{rel}","templated":true}]}}